
{"id":18000,"date":"2026-04-27T07:29:50","date_gmt":"2026-04-27T05:29:50","guid":{"rendered":"https:\/\/przedszkole47.edu.wroclaw.pl\/?p=18000"},"modified":"2026-04-27T07:30:01","modified_gmt":"2026-04-27T05:30:01","slug":"wycieczka-bajkowoz","status":"publish","type":"post","link":"https:\/\/przedszkole47.edu.wroclaw.pl\/index.php\/2026\/04\/27\/wycieczka-bajkowoz\/","title":{"rendered":"Wycieczka &#8211; Bajkow\u00f3z"},"content":{"rendered":"<p>Drodzy Rodzice, 6 maja nasze przedszkolaki wybior\u0105 si\u0119 do Przedszkola nr 2 na przedstawienie bajkwozu pt.:&#8221;Przygody Krasnala Ha\u0142aba\u0142y&#8221;.<\/p>\n<p>&nbsp;<\/p>\n","protected":false},"excerpt":{"rendered":"<p>Drodzy Rodzice, 6 maja nasze przedszkolaki wybior\u0105 si\u0119 do Przedszkola nr 2 na przedstawienie bajkwozu pt.:&#8221;Przygody Krasnala Ha\u0142aba\u0142y&#8221;. &nbsp;<\/p>\n","protected":false},"author":143,"featured_media":18001,"comment_status":"closed","ping_status":"closed","sticky":false,"template":"","format":"standard","meta":{"ngg_post_thumbnail":0,"footnotes":""},"categories":[3],"tags":[],"class_list":["post-18000","post","type-post","status-publish","format-standard","has-post-thumbnail","hentry","category-aktualnosci","clearfix"],"_links":{"self":[{"href":"https:\/\/przedszkole47.edu.wroclaw.pl\/index.php\/wp-json\/wp\/v2\/posts\/18000","targetHints":{"allow":["GET"]}}],"collection":[{"href":"https:\/\/przedszkole47.edu.wroclaw.pl\/index.php\/wp-json\/wp\/v2\/posts"}],"about":[{"href":"https:\/\/przedszkole47.edu.wroclaw.pl\/index.php\/wp-json\/wp\/v2\/types\/post"}],"author":[{"embeddable":true,"href":"https:\/\/przedszkole47.edu.wroclaw.pl\/index.php\/wp-json\/wp\/v2\/users\/143"}],"replies":[{"embeddable":true,"href":"https:\/\/przedszkole47.edu.wroclaw.pl\/index.php\/wp-json\/wp\/v2\/comments?post=18000"}],"version-history":[{"count":1,"href":"https:\/\/przedszkole47.edu.wroclaw.pl\/index.php\/wp-json\/wp\/v2\/posts\/18000\/revisions"}],"predecessor-version":[{"id":18002,"href":"https:\/\/przedszkole47.edu.wroclaw.pl\/index.php\/wp-json\/wp\/v2\/posts\/18000\/revisions\/18002"}],"wp:featuredmedia":[{"embeddable":true,"href":"https:\/\/przedszkole47.edu.wroclaw.pl\/index.php\/wp-json\/wp\/v2\/media\/18001"}],"wp:attachment":[{"href":"https:\/\/przedszkole47.edu.wroclaw.pl\/index.php\/wp-json\/wp\/v2\/media?parent=18000"}],"wp:term":[{"taxonomy":"category","embeddable":true,"href":"https:\/\/przedszkole47.edu.wroclaw.pl\/index.php\/wp-json\/wp\/v2\/categories?post=18000"},{"taxonomy":"post_tag","embeddable":true,"href":"https:\/\/przedszkole47.edu.wroclaw.pl\/index.php\/wp-json\/wp\/v2\/tags?post=18000"}],"curies":[{"name":"wp","href":"https:\/\/api.w.org\/{rel}","templated":true}]}}