
{"id":18773,"date":"2026-09-01T08:53:59","date_gmt":"2026-09-01T06:53:59","guid":{"rendered":"https:\/\/przedszkole47.edu.wroclaw.pl\/?p=18773"},"modified":"2026-09-01T08:56:40","modified_gmt":"2026-09-01T06:56:40","slug":"gratulacje","status":"publish","type":"post","link":"https:\/\/przedszkole47.edu.wroclaw.pl\/index.php\/2026\/09\/01\/gratulacje\/","title":{"rendered":"Gratulacje !"},"content":{"rendered":"<p>Z ogromn\u0105 rado\u015bci\u0105 informujemy, \u017ce Pani Jowita Maziarz otrzyma\u0142a powierzenie stanowiska Dyrektora Przedszkola na kolejn\u0105, pi\u0119cioletni\u0105 kadencj\u0119.<\/p>\n<p>To wyj\u0105tkowe wyr\u00f3\u017cnienie jest wyrazem zaufania, jakim Pani Dyrektor zosta\u0142a obdarzona, a tak\u017ce docenieniem jej dotychczasowej pracy, zaanga\u017cowania i troski o dobre funkcjonowanie naszej plac\u00f3wki.<\/p>\n","protected":false},"excerpt":{"rendered":"<p>Z ogromn\u0105 rado\u015bci\u0105 informujemy, \u017ce Pani Jowita Maziarz otrzyma\u0142a powierzenie stanowiska Dyrektora Przedszkola na kolejn\u0105, pi\u0119cioletni\u0105 kadencj\u0119. To wyj\u0105tkowe wyr\u00f3\u017cnienie jest wyrazem zaufania, jakim Pani Dyrektor zosta\u0142a obdarzona, a tak\u017ce [&hellip;]<\/p>\n","protected":false},"author":143,"featured_media":18776,"comment_status":"closed","ping_status":"closed","sticky":false,"template":"","format":"standard","meta":{"ngg_post_thumbnail":0,"footnotes":""},"categories":[3],"tags":[],"class_list":["post-18773","post","type-post","status-publish","format-standard","has-post-thumbnail","hentry","category-aktualnosci","clearfix"],"_links":{"self":[{"href":"https:\/\/przedszkole47.edu.wroclaw.pl\/index.php\/wp-json\/wp\/v2\/posts\/18773","targetHints":{"allow":["GET"]}}],"collection":[{"href":"https:\/\/przedszkole47.edu.wroclaw.pl\/index.php\/wp-json\/wp\/v2\/posts"}],"about":[{"href":"https:\/\/przedszkole47.edu.wroclaw.pl\/index.php\/wp-json\/wp\/v2\/types\/post"}],"author":[{"embeddable":true,"href":"https:\/\/przedszkole47.edu.wroclaw.pl\/index.php\/wp-json\/wp\/v2\/users\/143"}],"replies":[{"embeddable":true,"href":"https:\/\/przedszkole47.edu.wroclaw.pl\/index.php\/wp-json\/wp\/v2\/comments?post=18773"}],"version-history":[{"count":1,"href":"https:\/\/przedszkole47.edu.wroclaw.pl\/index.php\/wp-json\/wp\/v2\/posts\/18773\/revisions"}],"predecessor-version":[{"id":18775,"href":"https:\/\/przedszkole47.edu.wroclaw.pl\/index.php\/wp-json\/wp\/v2\/posts\/18773\/revisions\/18775"}],"wp:featuredmedia":[{"embeddable":true,"href":"https:\/\/przedszkole47.edu.wroclaw.pl\/index.php\/wp-json\/wp\/v2\/media\/18776"}],"wp:attachment":[{"href":"https:\/\/przedszkole47.edu.wroclaw.pl\/index.php\/wp-json\/wp\/v2\/media?parent=18773"}],"wp:term":[{"taxonomy":"category","embeddable":true,"href":"https:\/\/przedszkole47.edu.wroclaw.pl\/index.php\/wp-json\/wp\/v2\/categories?post=18773"},{"taxonomy":"post_tag","embeddable":true,"href":"https:\/\/przedszkole47.edu.wroclaw.pl\/index.php\/wp-json\/wp\/v2\/tags?post=18773"}],"curies":[{"name":"wp","href":"https:\/\/api.w.org\/{rel}","templated":true}]}}